{"id":2673,"date":"2026-05-03T11:37:09","date_gmt":"2026-05-03T10:37:09","guid":{"rendered":"https:\/\/dushrasskazi.ru\/?p=2673"},"modified":"2026-05-03T11:37:09","modified_gmt":"2026-05-03T10:37:09","slug":"ujra-es-ujra-elolvasta-az-uzenetet-mintha-a-szavak-egyszer-csak-megvaltoznanak","status":"publish","type":"post","link":"https:\/\/dushrasskazi.ru\/?p=2673","title":{"rendered":"\u00dajra \u00e9s \u00fajra elolvasta az \u00fczenetet, mintha a szavak egyszer csak megv\u00e1ltozn\u00e1nak."},"content":{"rendered":"\n<p>\u201eAnya, k\u00e9rlek\u2026 ne gyere el az esk\u00fcv\u0151re. N\u00e9zd meg online, \u00edgy egyszer\u0171bb lesz.\u201d<\/p>\n\n\n\n<p>Egyszer\u0171bb\u2026 kinek?<\/p>\n\n\n\n<p>Galina \u00e9szre sem vette, mikor \u00fclt le az \u00e1gy sz\u00e9l\u00e9re. A kez\u00e9ben egy r\u00e9gi, h\u00edmzett kend\u0151t tartott \u2014 azt, amelyet \u00e9vek \u00f3ta \u0151rz\u00f6tt. Mindig tudta, hogy ez ott lesz a l\u00e1nya esk\u00fcv\u0151j\u00e9n. Nem a hagyom\u00e1ny miatt, hanem mert benne volt az \u00e9let\u00fck egy darabja.<\/p>\n\n\n\n<p>\u00c9s most\u2026 csak egy k\u00e9perny\u0151.<\/p>\n\n\n\n<p>Semmi magyar\u00e1zat. Semmi besz\u00e9lget\u00e9s. Csak egy r\u00f6vid mondat, amely m\u00f6g\u00f6tt hatalmas \u00fcress\u00e9g h\u00faz\u00f3dott.<\/p>\n\n\n\n<p>A k\u00f6nnyei nem j\u00f6ttek azonnal. El\u0151sz\u00f6r csak a csend. Olyan, mintha a vil\u00e1g hangj\u00e1t kikapcsolt\u00e1k volna. Azt\u00e1n j\u00f6ttek az eml\u00e9kek.<\/p>\n\n\n\n<p>A kis Veronika, mez\u00edtl\u00e1b a konyh\u00e1ban, egy feh\u00e9r f\u00fcgg\u00f6nnyel a fej\u00e9n:<br>\u2014 Anya, \u00e9n menyasszony leszek!<br>\u2014 Persze, hogy az leszel, \u2014 nevetett Galina. \u2014 \u00c9s \u00e9n ott leszek melletted.<\/p>\n\n\n\n<p>\u201eOtt leszek melletted\u2026\u201d<\/p>\n\n\n\n<p>Most ezek a szavak f\u00e1jtak.<\/p>\n\n\n\n<p>A v\u0151leg\u00e9ny, Dmitrij, rendes embernek t\u0171nt. Nyugodt, udvarias. De a csal\u00e1dj\u00e1ban mindent szab\u00e1lyok ir\u00e1ny\u00edtottak. Ott nem azt k\u00e9rdezt\u00e9k: \u201emit \u00e9rzel?\u201d, hanem azt: \u201emi a helyes?\u201d.<\/p>\n\n\n\n<p>Galina ezt kezdett\u0151l \u00e9rezte.<\/p>\n\n\n\n<p>\u00c9s hallgatott.<\/p>\n\n\n\n<p>Mert f\u00e9lt.<\/p>\n\n\n\n<p>F\u00e9lt, hogy elvesz\u00edti a l\u00e1ny\u00e1t.<\/p>\n\n\n\n<p>Nem h\u00edvta fel. Nem rendezett jelenetet. Nem k\u00e9rt magyar\u00e1zatot.<\/p>\n\n\n\n<p>Kiment a kertbe.<\/p>\n\n\n\n<p>Abba a kertbe, amelyet \u00e9vekkel ezel\u0151tt a f\u00e9rj\u00e9vel \u00fcltettek. Minden fa egy eml\u00e9k volt. Az almafa \u2014 amikor Veronika iskol\u00e1ba ment. A k\u00f6rtefa \u2014 amikor el\u0151sz\u00f6r mondta: \u201eAnya, meg tudom csin\u00e1lni egyed\u00fcl.\u201d<\/p>\n\n\n\n<figure class=\"wp-block-image size-full\"><img loading=\"lazy\" decoding=\"async\" width=\"463\" height=\"438\" src=\"https:\/\/dushrasskazi.ru\/wp-content\/uploads\/2026\/05\/96665.jpg\" alt=\"\" class=\"wp-image-2674\" srcset=\"https:\/\/dushrasskazi.ru\/wp-content\/uploads\/2026\/05\/96665.jpg 463w, https:\/\/dushrasskazi.ru\/wp-content\/uploads\/2026\/05\/96665-300x284.jpg 300w\" sizes=\"auto, (max-width: 463px) 100vw, 463px\" \/><\/figure>\n\n\n\n<p>Galina v\u00e9gigh\u00fazta a kez\u00e9t a fa k\u00e9rg\u00e9n.<\/p>\n\n\n\n<p>\u2014 Meg tudod csin\u00e1lni\u2026 \u2014 suttogta.<\/p>\n\n\n\n<p>De mi\u00e9rt f\u00e1j ennyire?<\/p>\n\n\n\n<p>Este \u00edrt egy \u00fczenetet.<\/p>\n\n\n\n<p>V\u00e1dak n\u00e9lk\u00fcl. K\u00f6nnyek n\u00e9lk\u00fcl. Fesz\u00fclts\u00e9g n\u00e9lk\u00fcl.<\/p>\n\n\n\n<p>\u201eKisl\u00e1nyom, ha ez a te d\u00f6nt\u00e9sed, elfogadom. Mindig az any\u00e1d maradok, akkor is, ha nem \u00e1llok melletted.\u201d<\/p>\n\n\n\n<p>Az \u00fczenet elk\u00fcldve.<\/p>\n\n\n\n<p>\u00c9s\u2026 csend.<\/p>\n\n\n\n<p>Egy nap.<\/p>\n\n\n\n<p>Kett\u0151.<\/p>\n\n\n\n<p>H\u00e1rom.<\/p>\n\n\n\n<p>Minden telefonhang \u00f6sszeszor\u00edtotta a sz\u00edv\u00e9t.<\/p>\n\n\n\n<p>De v\u00e1lasz nem j\u00f6tt.<\/p>\n\n\n\n<p>El\u00e9rkezett az esk\u00fcv\u0151 napja.<\/p>\n\n\n\n<p>Galina m\u00e9g hajnal el\u0151tt fel\u00e9bredt.<\/p>\n\n\n\n<p>A h\u00e1z csendes volt. T\u00fal csendes.<\/p>\n\n\n\n<p>Reggelit k\u00e9sz\u00edtett, b\u00e1r nem volt \u00e9tv\u00e1gya. K\u00e9t cs\u00e9sz\u00e9t tett az asztalra \u2014 mint r\u00e9gen \u2014 majd lassan elvette az egyiket.<\/p>\n\n\n\n<p>De a ruh\u00e1t felvette.<\/p>\n\n\n\n<p>Vil\u00e1gos, eleg\u00e1ns. Azt, amelyben a l\u00e1nya mellett akart \u00e1llni.<\/p>\n\n\n\n<p>Belen\u00e9zett a t\u00fck\u00f6rbe.<\/p>\n\n\n\n<p>\u2014 Er\u0151s vagy, \u2014 mondta halkan.<\/p>\n\n\n\n<p>De a szeme nem hitte el.<\/p>\n\n\n\n<p>A k\u00f6zvet\u00edt\u00e9s pontosan elkezd\u0151d\u00f6tt.<\/p>\n\n\n\n<p>Vir\u00e1gok. Zene. Vend\u00e9gek.<\/p>\n\n\n\n<p>Idegen vend\u00e9gek.<\/p>\n\n\n\n<p>\u00c9s azt\u00e1n megl\u00e1tta \u0151t.<\/p>\n\n\n\n<p>Veronik\u00e1t.<\/p>\n\n\n\n<p>Feh\u00e9r ruh\u00e1ban. Gy\u00f6ny\u00f6r\u0171en.<\/p>\n\n\n\n<p>De valami nem volt rendben.<\/p>\n\n\n\n<p>A mosoly fesz\u00fclt volt. A tekintet nyugtalan.<\/p>\n\n\n\n<p>Egy anya ezt meg\u00e9rzi.<\/p>\n\n\n\n<p>M\u00e9g egy k\u00e9perny\u0151n kereszt\u00fcl is.<\/p>\n\n\n\n<p>Amikor a cerem\u00f3niamester sz\u00f3t adott nekik, minden a terv szerint haladt.<\/p>\n\n\n\n<p>Eg\u00e9szen addig.<\/p>\n\n\n\n<p>\u2014 V\u00e1rjanak\u2026 \u2014 mondta hirtelen Veronika.<\/p>\n\n\n\n<p>A teremben csend lett.<\/p>\n\n\n\n<p>\u2014 Nem tudom folytatni\u2026 \u2014 remegett a hangja. \u2014 Mert a legfontosabb ember ma nincs itt.<\/p>\n\n\n\n<p>Galina megdermedt.<\/p>\n\n\n\n<p>\u2014 Az anyuk\u00e1m\u2026 \u0151 most a k\u00e9perny\u0151n kereszt\u00fcl n\u00e9z. \u00c9s ez az \u00e9n hib\u00e1m.<\/p>\n\n\n\n<p>Z\u00fag\u00e1s futott v\u00e9gig a termen.<\/p>\n\n\n\n<p>\u2014 Azt akartam, hogy minden t\u00f6k\u00e9letes legyen. Nyugodt. \u201eHelyes\u201d. De n\u00e9lk\u00fcle\u2026 ez nem igazi.<\/p>\n\n\n\n<p>M\u00e9ly leveg\u0151t vett.<\/p>\n\n\n\n<p>\u2014 Anya\u2026 ha hallasz\u2026 k\u00e9rlek, gyere el. Nem akarom \u00fagy kezdeni az \u00faj \u00e9letemet, hogy eltoltalak magamt\u00f3l.<\/p>\n\n\n\n<p>Megsz\u00f3lalt a telefon.<\/p>\n\n\n\n<p>Galina remeg\u0151 k\u00e9zzel vette fel.<\/p>\n\n\n\n<p>\u2014 Anya\u2026 el tudsz j\u00f6nni? \u2014 a hang \u0151szinte volt, t\u00f6r\u00e9keny.<\/p>\n\n\n\n<p>\u2014 Ez a te d\u00f6nt\u00e9sed? \u2014 k\u00e9rdezte nyugodtan.<\/p>\n\n\n\n<p>\u2014 Igen. Az eny\u00e9m. \u00c9s m\u00e1r nem f\u00e9lek.<\/p>\n\n\n\n<p>Ezek a szavak mindent megv\u00e1ltoztattak.<\/p>\n\n\n\n<p>\u2014 Megyek, \u2014 mondta Galina.<\/p>\n\n\n\n<p>Az \u00fat v\u00e9gtelennek t\u0171nt.<\/p>\n\n\n\n<p>A sz\u00edve \u00fagy vert, mint r\u00e9gen, amikor a kisl\u00e1nya ut\u00e1n futott, nehogy elessen.<\/p>\n\n\n\n<p>De most sokkal t\u00f6bbr\u0151l volt sz\u00f3.<\/p>\n\n\n\n<p>Amikor bel\u00e9pett a terembe, mindenki fel\u00e9 fordult.<\/p>\n\n\n\n<p>De \u0151 csak egy embert l\u00e1tott.<\/p>\n\n\n\n<p>Veronik\u00e1t.<\/p>\n\n\n\n<p>Aki fel\u00e9 rohant.<\/p>\n\n\n\n<p>\u2014 Anya\u2026 \u2014 suttogta.<\/p>\n\n\n\n<p>\u00c9s szorosan \u00e1t\u00f6lelte.<\/p>\n\n\n\n<p>\u2014 Bocs\u00e1ss meg\u2026 azt hittem, a feln\u0151tts\u00e9g azt jelenti, hogy enged\u00fcnk. De val\u00f3j\u00e1ban azt jelenti, hogy megv\u00e9dj\u00fck azokat, akiket szeret\u00fcnk.<\/p>\n\n\n\n<p>Galina lehunyta a szem\u00e9t.<\/p>\n\n\n\n<p>\u00c9s azon a napon el\u0151sz\u00f6r s\u00edrt.<\/p>\n\n\n\n<p>Megk\u00f6nnyebb\u00fcl\u00e9sb\u0151l.<\/p>\n\n\n\n<p>Dmitrij is odal\u00e9pett.<\/p>\n\n\n\n<p>\u2014 K\u00f6sz\u00f6n\u00f6m, hogy elj\u00f6tt, \u2014 mondta \u0151szint\u00e9n.<\/p>\n\n\n\n<p>A hangj\u00e1ban tisztelet volt.<\/p>\n\n\n\n<p>M\u00e9g a sz\u00fclei is m\u00e1sk\u00e9pp n\u00e9ztek. Nem ridegen, hanem elgondolkodva.<\/p>\n\n\n\n<p>Mintha \u0151k is meg\u00e9rtettek volna valamit.<\/p>\n\n\n\n<p>A szertart\u00e1s \u00fajra kezd\u0151d\u00f6tt.<\/p>\n\n\n\n<p>De most val\u00f3ban.<\/p>\n\n\n\n<p>Fesz\u00fclts\u00e9g n\u00e9lk\u00fcl.<\/p>\n\n\n\n<p>Sz\u00ednlel\u00e9s n\u00e9lk\u00fcl.<\/p>\n\n\n\n<p>Amikor Veronika kimondta a fogadalmait, az anyj\u00e1ra n\u00e9zett.<\/p>\n\n\n\n<p>\u00c9s mosolygott.<\/p>\n\n\n\n<p>\u0150szint\u00e9n.<\/p>\n\n\n\n<p>\u00dagy, mint r\u00e9gen.<\/p>\n\n\n\n<p>N\u00e9ha egyetlen d\u00f6nt\u00e9s mindent t\u00f6nkretehet.<\/p>\n\n\n\n<p>\u00c9s egy m\u00e1sik mindent helyrehozhat.<\/p>\n\n\n\n<p>De a legnehezebb nem az, hogy a \u201ehelyes\u201d \u00e9s a \u201ek\u00f6nny\u0171\u201d k\u00f6z\u00f6tt v\u00e1lasszunk.<\/p>\n\n\n\n<p>A legnehezebb az, hogy ne \u00e1ruljuk el azokat, akik mindig mellett\u00fcnk \u00e1lltak.<\/p>\n\n\n\n<p>Mert semmilyen t\u00f6k\u00e9letes esk\u00fcv\u0151 nem \u00e9r annyit, mint az az \u00fcress\u00e9g, amikor a legfontosabb ember hi\u00e1nyzik mell\u0151l\u00fcnk.<\/p>\n\n\n\n<p>\u00c9s azon a napon ezt mindenki meg\u00e9rtette.<\/p>\n\n\n\n<p>Majdnem t\u00fal k\u00e9s\u0151n.<\/p>\n\n\n\n<p>De szerencs\u00e9re \u2014 m\u00e9g id\u0151ben.<\/p>\n","protected":false},"excerpt":{"rendered":"\u201eAnya, k\u00e9rlek\u2026 ne gyere el az esk\u00fcv\u0151re. N\u00e9zd meg online, \u00edgy egyszer\u0171bb lesz.\u201d Egyszer\u0171bb\u2026 kinek? Galina \u00e9szre sem vette, mikor \u00fclt le az \n<a class=\"moretag\" href=\"https:\/\/dushrasskazi.ru\/?p=2673\"> [...]<\/a>","protected":false},"author":1,"featured_media":2674,"comment_status":"open","ping_status":"open","sticky":false,"template":"","format":"standard","meta":{"footnotes":""},"categories":[1,2],"tags":[],"class_list":["post-2673","post","type-post","status-publish","format-standard","has-post-thumbnail","hentry","category-news","category-video"],"views":18,"_links":{"self":[{"href":"https:\/\/dushrasskazi.ru\/index.php?rest_route=\/wp\/v2\/posts\/2673","targetHints":{"allow":["GET"]}}],"collection":[{"href":"https:\/\/dushrasskazi.ru\/index.php?rest_route=\/wp\/v2\/posts"}],"about":[{"href":"https:\/\/dushrasskazi.ru\/index.php?rest_route=\/wp\/v2\/types\/post"}],"author":[{"embeddable":true,"href":"https:\/\/dushrasskazi.ru\/index.php?rest_route=\/wp\/v2\/users\/1"}],"replies":[{"embeddable":true,"href":"https:\/\/dushrasskazi.ru\/index.php?rest_route=%2Fwp%2Fv2%2Fcomments&post=2673"}],"version-history":[{"count":1,"href":"https:\/\/dushrasskazi.ru\/index.php?rest_route=\/wp\/v2\/posts\/2673\/revisions"}],"predecessor-version":[{"id":2675,"href":"https:\/\/dushrasskazi.ru\/index.php?rest_route=\/wp\/v2\/posts\/2673\/revisions\/2675"}],"wp:featuredmedia":[{"embeddable":true,"href":"https:\/\/dushrasskazi.ru\/index.php?rest_route=\/wp\/v2\/media\/2674"}],"wp:attachment":[{"href":"https:\/\/dushrasskazi.ru\/index.php?rest_route=%2Fwp%2Fv2%2Fmedia&parent=2673"}],"wp:term":[{"taxonomy":"category","embeddable":true,"href":"https:\/\/dushrasskazi.ru\/index.php?rest_route=%2Fwp%2Fv2%2Fcategories&post=2673"},{"taxonomy":"post_tag","embeddable":true,"href":"https:\/\/dushrasskazi.ru\/index.php?rest_route=%2Fwp%2Fv2%2Ftags&post=2673"}],"curies":[{"name":"wp","href":"https:\/\/api.w.org\/{rel}","templated":true}]}}